{"id":1377,"date":"2015-10-24T17:21:04","date_gmt":"2015-10-24T16:21:04","guid":{"rendered":"http:\/\/www.theadubelaar.nl\/weblog\/?p=1377"},"modified":"2015-10-28T17:48:54","modified_gmt":"2015-10-28T16:48:54","slug":"ludwig-et-le-geant-en-de-reus","status":"publish","type":"post","link":"http:\/\/www.theadubelaar.nl\/weblog\/?p=1377","title":{"rendered":"Nieuw"},"content":{"rendered":"<p><img loading=\"lazy\" src=\"http:\/\/www.theadubelaar.nl\/weblog\/wp-content\/uploads\/2015\/10\/P1010308-kopie-226x300.jpg\" alt=\"P1010308 - kopie\" title=\"P1010308 - kopie\" width=\"226\" height=\"300\" class=\"alignleft size-medium wp-image-1378\" srcset=\"http:\/\/www.theadubelaar.nl\/weblog\/wp-content\/uploads\/2015\/10\/P1010308-kopie-226x300.jpg 226w, http:\/\/www.theadubelaar.nl\/weblog\/wp-content\/uploads\/2015\/10\/P1010308-kopie-773x1024.jpg 773w, http:\/\/www.theadubelaar.nl\/weblog\/wp-content\/uploads\/2015\/10\/P1010308-kopie.JPG 1450w\" sizes=\"(max-width: 226px) 100vw, 226px\" \/>Ludwig est n\u00e9. Le copain \u00e0 Benny a maintenant son histoire \u00e0 lui. Aujourd\u2019hui j\u2019ai re\u00e7u le livre \u2018Ludwig et le g\u00e9ant\u2019 \u00e9dit\u00e9 par les Editions Jasor \u00e0 Pointe \u00e0 Pitre, Guadeloupe.<br \/>\nBon vent Ludwig.  J\u2019esp\u00e8re que tu seras autant aim\u00e9 que Benny et Socrate le petit lapin noir.<\/p>\n<p>*****<\/p>\n<p>Ludwig is er. De vriend van Benny heeft nu zijn eigen verhaal. Vandaag ontving ik het eerste exemplaar van het boek &#8216;Ludwig et le g\u00e9ant&#8217; ( Ludwig en de reus) uitgegeven door Editions Jasor, Pointe \u00e0 Pitre, Guadeloupe.<br \/>\nSucces Ludwig. Ik hoop dat je net zo geliefd zult zijn als Benny en zijn zwarte konijntje Socrates<br \/>\n<img loading=\"lazy\" src=\"http:\/\/www.theadubelaar.nl\/weblog\/wp-content\/uploads\/2015\/10\/P1010305-kopie-222x300.jpg\" alt=\"P1010305 - kopie\" title=\"P1010305 - kopie\" width=\"222\" height=\"300\" class=\"alignright size-medium wp-image-1384\" srcset=\"http:\/\/www.theadubelaar.nl\/weblog\/wp-content\/uploads\/2015\/10\/P1010305-kopie-222x300.jpg 222w, http:\/\/www.theadubelaar.nl\/weblog\/wp-content\/uploads\/2015\/10\/P1010305-kopie-758x1024.jpg 758w, http:\/\/www.theadubelaar.nl\/weblog\/wp-content\/uploads\/2015\/10\/P1010305-kopie.JPG 1437w\" sizes=\"(max-width: 222px) 100vw, 222px\" \/><\/p>\n<p>*****<\/p>\n<p>Ce livre mignon ne coute que 7,50 \u20ac et peut \u00eatre acheter chez<a href=\"http:\/\/editionsjasor.com\/produit\/ludwig-et-le-geant-2\/\"> Jasor<br \/>\n<\/a><br \/>\nHet boekje kost 7.50 \u20ac plus verzendkosten en is te bestellen op de site van <a href=\"http:\/\/editionsjasor.com\/produit\/ludwig-et-le-geant-2\/\">Jasor <\/a><\/p>\n<p>Pour  cette histoire je me suis inspir\u00e9 de ce que m&#8217;ont racont\u00e9 plusieurs personnes de Pointe Noires et de ce qu&#8217;a v\u00e9cu mon mari quand il \u00e9tait encore &#8216;on ti moun&#8217;  \u00e0 Pointe \u00e0 Pitre.<\/p>\n<p>Het verhaal is gebaseerd op verhalen van meerdere mensen in Pointe Noire en  een echt gebeurde ervaring van mijn man toen hij nog een kwajongen was in Pointe \u00e0 Pitre.<\/p>\n","protected":false},"excerpt":{"rendered":"<p>Ludwig est n\u00e9. Le copain \u00e0 Benny a maintenant son histoire \u00e0 lui. Aujourd\u2019hui j\u2019ai re\u00e7u le livre \u2018Ludwig et le g\u00e9ant\u2019 \u00e9dit\u00e9 par les Editions Jasor \u00e0 Pointe \u00e0 Pitre, Guadeloupe. Bon vent Ludwig. J\u2019esp\u00e8re que tu seras autant aim\u00e9 que Benny et Socrate le petit lapin noir. ***** Ludwig is er. De vriend [&hellip;]<\/p>\n","protected":false},"author":1,"featured_media":0,"comment_status":"closed","ping_status":"open","sticky":false,"template":"","format":"standard","meta":[],"categories":[1],"tags":[],"_links":{"self":[{"href":"http:\/\/www.theadubelaar.nl\/weblog\/index.php?rest_route=\/wp\/v2\/posts\/1377"}],"collection":[{"href":"http:\/\/www.theadubelaar.nl\/weblog\/index.php?rest_route=\/wp\/v2\/posts"}],"about":[{"href":"http:\/\/www.theadubelaar.nl\/weblog\/index.php?rest_route=\/wp\/v2\/types\/post"}],"author":[{"embeddable":true,"href":"http:\/\/www.theadubelaar.nl\/weblog\/index.php?rest_route=\/wp\/v2\/users\/1"}],"replies":[{"embeddable":true,"href":"http:\/\/www.theadubelaar.nl\/weblog\/index.php?rest_route=%2Fwp%2Fv2%2Fcomments&post=1377"}],"version-history":[{"count":21,"href":"http:\/\/www.theadubelaar.nl\/weblog\/index.php?rest_route=\/wp\/v2\/posts\/1377\/revisions"}],"predecessor-version":[{"id":1392,"href":"http:\/\/www.theadubelaar.nl\/weblog\/index.php?rest_route=\/wp\/v2\/posts\/1377\/revisions\/1392"}],"wp:attachment":[{"href":"http:\/\/www.theadubelaar.nl\/weblog\/index.php?rest_route=%2Fwp%2Fv2%2Fmedia&parent=1377"}],"wp:term":[{"taxonomy":"category","embeddable":true,"href":"http:\/\/www.theadubelaar.nl\/weblog\/index.php?rest_route=%2Fwp%2Fv2%2Fcategories&post=1377"},{"taxonomy":"post_tag","embeddable":true,"href":"http:\/\/www.theadubelaar.nl\/weblog\/index.php?rest_route=%2Fwp%2Fv2%2Ftags&post=1377"}],"curies":[{"name":"wp","href":"https:\/\/api.w.org\/{rel}","templated":true}]}}